{"id":762,"date":"2018-06-30T12:19:08","date_gmt":"2018-06-30T12:19:08","guid":{"rendered":"http:\/\/rdatirana.al\/?p=762"},"modified":"2018-06-30T12:21:03","modified_gmt":"2018-06-30T12:21:03","slug":"agjencia-rajonale-e-zhvillimit-tirane-organizoi-veprimtarine-per-lancimit-e-projektit-me-titull-erasmus-per-sipermarresit-e-rinj-financuar-nga-bashkimi-europian","status":"publish","type":"post","link":"https:\/\/rdatirana.al\/?p=762","title":{"rendered":"Agjencia Rajonale e Zhvillimit Tiran\u00eb, organizoi veprimtarin\u00eb p\u00ebr lan\u00e7imit e Projektit me titull \u201cErasmus P\u00ebr Sip\u00ebrmarr\u00ebsit e Rinj\u201d, financuar nga Bashkimi Europian."},"content":{"rendered":"<p>Programi \u201cErasmus p\u00ebr Sip\u00ebrmarr\u00ebsit e Rinj\u201d ofron mund\u00ebsi reale p\u00ebr sip\u00ebrmarr\u00ebs t\u00eb rinj shqiptar\u00eb p\u00ebr t\u00eb punuar p\u00ebrkrah sip\u00ebrmarr\u00ebsve me eksperienc\u00eb n\u00eb vendet e BE dhe zhvilluar m\u00eb tej aft\u00ebsit\u00eb profesionale n\u00eb biznes. Ofrohet nj\u00eb mund\u00ebsi q\u00ebndrimi n\u00eb t\u00eb gjitha vendet e BE-s\u00eb, por dhe ku ARZH ka partner\u00ebt mb\u00ebshtet\u00ebs n\u00eb projekt. Kompanit\u00eb shqiptare gjithashtu, n\u00eb saj\u00eb t\u00eb k\u00ebtij programi mund t\u00eb mir\u00ebpresin sip\u00ebrmarr\u00ebs t\u00eb rinj nga vende t\u00eb BE-s\u00eb p\u00ebr t\u00eb ndar\u00eb eksperienc\u00ebn e tyre n\u00eb Shqip\u00ebri. Fal\u00eb pun\u00ebs s\u00eb shk\u00eblqyer t\u00eb sip\u00ebrmarr\u00ebsit t\u00eb huaj dhe t\u00eb ngritjes s\u00eb rrjetit t\u00eb ri t\u00eb bashk\u00ebpunimeve, kompanit\u00eb prit\u00ebse mund t\u00eb zgjerojn\u00eb aktivitetet dhe tregjet e tyre n\u00eb vende t\u00eb BE-s\u00eb.<\/p>\n<p>Aktiviteti kishte si q\u00ebllim:<\/p>\n<ul>\n<li>Promovimin e projektit, misionin, objektivat dhe aktivitetet.<\/li>\n<li>Rolin e ARZH-s\u00eb si implementuese e k\u00ebtij projekti t\u00eb BE-s\u00eb n\u00eb Shqip\u00ebri,<\/li>\n<li>Nxitjen e sip\u00ebrmarr\u00ebsve t\u00eb rinj dhe kompanive prit\u00ebse p\u00ebr t\u2019u p\u00ebrfshir\u00eb\/p\u00ebrfituar n\u00eb program<\/li>\n<li>Mb\u00ebshtetjen e programit nga aktor\u00ebt politikb\u00ebr\u00ebs si Ministrit\u00eb e Linj\u00ebs dhe agjensit\u00eb e tyre<\/li>\n<li>Rolin e shoqatave n\u00eb mb\u00ebshtetje t\u00eb sip\u00ebrmarrjes n\u00eb Shqip\u00ebri<\/li>\n<\/ul>\n<div>Gjat\u00eb aktivitetit u informuan pjes\u00ebmarr\u00ebsit n\u00eb lidhje me mund\u00ebsit\u00eb e p\u00ebrfshirjes s\u00eb sip\u00ebrmarr\u00ebsve t\u00eb rinj dhe kompanive prit\u00ebse, aplikacionet e nevojshme n\u00eb Webin p\u00ebrkates, si dhe detaje t\u00eb tjera.<\/div>\n<p>Eventi u zhvilloha n\u00eb dat\u00ebn\u00a028 Qershor 2018, n\u00eb or\u00ebn\u00a009:30-12:30\u00a0n\u00eb\u00a0HOTEL TIRANA INTERNATIONAL,\u00a0salla\u00a0BLU.<\/p>\n<p><img loading=\"lazy\" decoding=\"async\" class=\"alignnone size-medium wp-image-766\" src=\"http:\/\/rdatirana.al\/wp-content\/uploads\/2018\/06\/IMG_0219-300x225.jpeg\" alt=\"\" width=\"300\" height=\"225\" srcset=\"https:\/\/rdatirana.al\/wp-content\/uploads\/2018\/06\/IMG_0219-300x225.jpeg 300w, https:\/\/rdatirana.al\/wp-content\/uploads\/2018\/06\/IMG_0219-195x146.jpeg 195w, https:\/\/rdatirana.al\/wp-content\/uploads\/2018\/06\/IMG_0219-50x38.jpeg 50w, https:\/\/rdatirana.al\/wp-content\/uploads\/2018\/06\/IMG_0219-100x75.jpeg 100w, https:\/\/rdatirana.al\/wp-content\/uploads\/2018\/06\/IMG_0219.jpeg 640w\" sizes=\"auto, (max-width: 300px) 100vw, 300px\" \/> <img loading=\"lazy\" decoding=\"async\" class=\"alignnone size-medium wp-image-767\" src=\"http:\/\/rdatirana.al\/wp-content\/uploads\/2018\/06\/IMG_0231-300x225.jpeg\" alt=\"\" width=\"300\" height=\"225\" srcset=\"https:\/\/rdatirana.al\/wp-content\/uploads\/2018\/06\/IMG_0231-300x225.jpeg 300w, https:\/\/rdatirana.al\/wp-content\/uploads\/2018\/06\/IMG_0231-195x146.jpeg 195w, https:\/\/rdatirana.al\/wp-content\/uploads\/2018\/06\/IMG_0231-50x38.jpeg 50w, https:\/\/rdatirana.al\/wp-content\/uploads\/2018\/06\/IMG_0231-100x75.jpeg 100w, https:\/\/rdatirana.al\/wp-content\/uploads\/2018\/06\/IMG_0231.jpeg 640w\" sizes=\"auto, (max-width: 300px) 100vw, 300px\" \/> <img loading=\"lazy\" decoding=\"async\" class=\"alignnone size-medium wp-image-768\" src=\"http:\/\/rdatirana.al\/wp-content\/uploads\/2018\/06\/IMG_7503-300x225.jpg\" alt=\"\" width=\"300\" height=\"225\" srcset=\"https:\/\/rdatirana.al\/wp-content\/uploads\/2018\/06\/IMG_7503-300x225.jpg 300w, https:\/\/rdatirana.al\/wp-content\/uploads\/2018\/06\/IMG_7503-195x146.jpg 195w, https:\/\/rdatirana.al\/wp-content\/uploads\/2018\/06\/IMG_7503-50x38.jpg 50w, https:\/\/rdatirana.al\/wp-content\/uploads\/2018\/06\/IMG_7503-100x75.jpg 100w, https:\/\/rdatirana.al\/wp-content\/uploads\/2018\/06\/IMG_7503.jpg 640w\" sizes=\"auto, (max-width: 300px) 100vw, 300px\" \/> <img loading=\"lazy\" decoding=\"async\" class=\"alignnone  wp-image-769\" src=\"http:\/\/rdatirana.al\/wp-content\/uploads\/2018\/06\/IMG_7516-225x300.jpg\" alt=\"\" width=\"169\" height=\"225\" srcset=\"https:\/\/rdatirana.al\/wp-content\/uploads\/2018\/06\/IMG_7516-225x300.jpg 225w, https:\/\/rdatirana.al\/wp-content\/uploads\/2018\/06\/IMG_7516-110x146.jpg 110w, https:\/\/rdatirana.al\/wp-content\/uploads\/2018\/06\/IMG_7516-38x50.jpg 38w, https:\/\/rdatirana.al\/wp-content\/uploads\/2018\/06\/IMG_7516-56x75.jpg 56w, https:\/\/rdatirana.al\/wp-content\/uploads\/2018\/06\/IMG_7516.jpg 480w\" sizes=\"auto, (max-width: 169px) 100vw, 169px\" \/><\/p>\n<p>&nbsp;<\/p>\n","protected":false},"excerpt":{"rendered":"<p>Programi \u201cErasmus p\u00ebr Sip\u00ebrmarr\u00ebsit e Rinj\u201d ofron mund\u00ebsi reale p\u00ebr sip\u00ebrmarr\u00ebs t\u00eb rinj shqiptar\u00eb p\u00ebr t\u00eb punuar p\u00ebrkrah sip\u00ebrmarr\u00ebsve me eksperienc\u00eb n\u00eb vendet e BE dhe zhvilluar m\u00eb tej aft\u00ebsit\u00eb profesionale n\u00eb biznes. Ofrohet nj\u00eb mund\u00ebsi q\u00ebndrimi n\u00eb t\u00eb gjitha vendet e BE-s\u00eb, por dhe ku ARZH ka partner\u00ebt mb\u00ebshtet\u00ebs n\u00eb projekt. Kompanit\u00eb shqiptare gjithashtu,<span class=\"excerpt-hellip\"> [\u2026]<\/span><\/p>\n","protected":false},"author":2,"featured_media":763,"comment_status":"open","ping_status":"open","sticky":false,"template":"","format":"standard","meta":{"footnotes":""},"categories":[157],"tags":[],"class_list":["post-762","post","type-post","status-publish","format-standard","has-post-thumbnail","hentry","category-news"],"_links":{"self":[{"href":"https:\/\/rdatirana.al\/index.php?rest_route=\/wp\/v2\/posts\/762","targetHints":{"allow":["GET"]}}],"collection":[{"href":"https:\/\/rdatirana.al\/index.php?rest_route=\/wp\/v2\/posts"}],"about":[{"href":"https:\/\/rdatirana.al\/index.php?rest_route=\/wp\/v2\/types\/post"}],"author":[{"embeddable":true,"href":"https:\/\/rdatirana.al\/index.php?rest_route=\/wp\/v2\/users\/2"}],"replies":[{"embeddable":true,"href":"https:\/\/rdatirana.al\/index.php?rest_route=%2Fwp%2Fv2%2Fcomments&post=762"}],"version-history":[{"count":3,"href":"https:\/\/rdatirana.al\/index.php?rest_route=\/wp\/v2\/posts\/762\/revisions"}],"predecessor-version":[{"id":781,"href":"https:\/\/rdatirana.al\/index.php?rest_route=\/wp\/v2\/posts\/762\/revisions\/781"}],"wp:featuredmedia":[{"embeddable":true,"href":"https:\/\/rdatirana.al\/index.php?rest_route=\/wp\/v2\/media\/763"}],"wp:attachment":[{"href":"https:\/\/rdatirana.al\/index.php?rest_route=%2Fwp%2Fv2%2Fmedia&parent=762"}],"wp:term":[{"taxonomy":"category","embeddable":true,"href":"https:\/\/rdatirana.al\/index.php?rest_route=%2Fwp%2Fv2%2Fcategories&post=762"},{"taxonomy":"post_tag","embeddable":true,"href":"https:\/\/rdatirana.al\/index.php?rest_route=%2Fwp%2Fv2%2Ftags&post=762"}],"curies":[{"name":"wp","href":"https:\/\/api.w.org\/{rel}","templated":true}]}}