{"id":639,"date":"2018-03-21T12:58:03","date_gmt":"2018-03-21T12:58:03","guid":{"rendered":"http:\/\/rdatirana.al\/?p=639"},"modified":"2018-03-21T13:00:24","modified_gmt":"2018-03-21T13:00:24","slug":"ipard-like-2","status":"publish","type":"post","link":"https:\/\/rdatirana.al\/?p=639&lang=sq","title":{"rendered":"IPARD LIKE"},"content":{"rendered":"<p><strong>Projekti:<\/strong>P\u00ebrkrahja e firmave shqiptare p\u00ebr kultivimin dhe p\u00ebrpunimin e produkteve bujq\u00ebsore n\u00eb Shqip\u00ebri.<\/p>\n<p align=\"JUSTIFY\"><strong>Objektivi:<\/strong>\u00a0Konsulenca synon mund\u00ebsimin e firmave shqiptare p\u00ebr te modernizuar dhe ristrukturuar iniciativat e biznesit ne bujq\u00ebsi dhe agro-industri, si dhe mb\u00ebshtetjen p\u00ebr p\u00ebrafrimin gradual t\u00eb legjislacionit shqiptar me rregullat dhe standardet komunitare, t\u00eb reflektuara n\u00eb nenin 95 t\u00eb SAA-s\u00eb mes Qeveris\u00eb s\u00eb Shqip\u00ebris\u00eb dhe Unionstruction Europian.<\/p>\n<p><strong>Implementimi i projektit:<\/strong>\u00a0Ekspertet e ARZH-se kan\u00eb punuar dhe ndihmuar shum\u00eb fermer\u00eb duke keshilluar dhe p\u00ebrgatitur gjasht\u00eb dosje te dor\u00ebzuara tek RBDA &amp; GIZ n\u00eb fushat e agro p\u00ebrpunimit t\u00eb qum\u00ebshtit, frutave dhe perimeve, dhe komplekset e bagetive n\u00eb Lezh\u00eb, Lunxheri, Sukth, Lushnje etj. Edhe gjate fazes se dyte, ekspertet e ARZH-se kan\u00eb konsultuar kat\u00ebr fermer\u00eb q\u00eb aplikuan p\u00ebr grante\u00a0n\u00eb fush\u00ebn e objekteve ftohese per fruta-perimet, industrin\u00eb e qum\u00ebshtit, blegtorin\u00eb, etj n\u00eb zonat e Dibr\u00ebs, Tiran\u00ebs, Lezh\u00ebs dhe Durresit.<\/p>\n","protected":false},"excerpt":{"rendered":"<p>Projekti:P\u00ebrkrahja e firmave shqiptare p\u00ebr kultivimin dhe p\u00ebrpunimin e produkteve bujq\u00ebsore n\u00eb Shqip\u00ebri. Objektivi:\u00a0Konsulenca synon mund\u00ebsimin e firmave shqiptare p\u00ebr te modernizuar dhe ristrukturuar iniciativat e biznesit ne bujq\u00ebsi dhe agro-industri, si dhe mb\u00ebshtetjen p\u00ebr p\u00ebrafrimin gradual t\u00eb legjislacionit shqiptar me rregullat dhe standardet komunitare, t\u00eb reflektuara n\u00eb nenin 95 t\u00eb SAA-s\u00eb mes Qeveris\u00eb s\u00eb<span class=\"excerpt-hellip\"> [\u2026]<\/span><\/p>\n","protected":false},"author":2,"featured_media":0,"comment_status":"open","ping_status":"open","sticky":false,"template":"","format":"standard","meta":{"footnotes":""},"categories":[84],"tags":[],"class_list":["post-639","post","type-post","status-publish","format-standard","hentry","category-2013-sq"],"_links":{"self":[{"href":"https:\/\/rdatirana.al\/index.php?rest_route=\/wp\/v2\/posts\/639","targetHints":{"allow":["GET"]}}],"collection":[{"href":"https:\/\/rdatirana.al\/index.php?rest_route=\/wp\/v2\/posts"}],"about":[{"href":"https:\/\/rdatirana.al\/index.php?rest_route=\/wp\/v2\/types\/post"}],"author":[{"embeddable":true,"href":"https:\/\/rdatirana.al\/index.php?rest_route=\/wp\/v2\/users\/2"}],"replies":[{"embeddable":true,"href":"https:\/\/rdatirana.al\/index.php?rest_route=%2Fwp%2Fv2%2Fcomments&post=639"}],"version-history":[{"count":2,"href":"https:\/\/rdatirana.al\/index.php?rest_route=\/wp\/v2\/posts\/639\/revisions"}],"predecessor-version":[{"id":644,"href":"https:\/\/rdatirana.al\/index.php?rest_route=\/wp\/v2\/posts\/639\/revisions\/644"}],"wp:attachment":[{"href":"https:\/\/rdatirana.al\/index.php?rest_route=%2Fwp%2Fv2%2Fmedia&parent=639"}],"wp:term":[{"taxonomy":"category","embeddable":true,"href":"https:\/\/rdatirana.al\/index.php?rest_route=%2Fwp%2Fv2%2Fcategories&post=639"},{"taxonomy":"post_tag","embeddable":true,"href":"https:\/\/rdatirana.al\/index.php?rest_route=%2Fwp%2Fv2%2Ftags&post=639"}],"curies":[{"name":"wp","href":"https:\/\/api.w.org\/{rel}","templated":true}]}}